{"id":1586,"date":"2024-02-09T14:21:41","date_gmt":"2024-02-09T13:21:41","guid":{"rendered":"https:\/\/alfawarehouses.pl\/magazyn-krajowy-sklad-celny-magazyn\/"},"modified":"2025-05-31T12:29:51","modified_gmt":"2025-05-31T10:29:51","slug":"nationellt-lager-tullager","status":"publish","type":"post","link":"https:\/\/alfawarehouses.pl\/sv\/magazyn-krajowy-sklad-celny-magazyn\/","title":{"rendered":"Nationellt lager, tullager och tillf\u00e4llig lagring - vad \u00e4r det och hur skiljer de sig \u00e5t?"},"content":{"rendered":"<p>Lagring av varor \u00e4r en av de viktigaste kostnadsfaktorerna f\u00f6r ett f\u00f6retag. N\u00e4r du best\u00e4mmer dig f\u00f6r att anlita en tredjepartsleverant\u00f6r av lagring m\u00e5ste du vara s\u00e4ker p\u00e5 att du har valt r\u00e4tt f\u00f6retag.<\/p>\n\n\n\n<p>Vi f\u00f6rst\u00e5r lagerh\u00e5llning som en process eller en upps\u00e4ttning aktiviteter som omfattar hantering av f\u00e4rdiga varor och r\u00e5material f\u00f6r produktion eller halvprodukter fr\u00e5n det att de tas emot till dess att lasterna frig\u00f6rs f\u00f6r vidare transport.<\/p>\n\n\n\n<p>Detta omfattar fr\u00e4mst s\u00e4ker f\u00f6rvaring av varor enligt riktlinjer och att s\u00e4kerst\u00e4lla ett korrekt varufl\u00f6de p\u00e5 lagret.<\/p>\n\n\n<div class=\"wp-block-image\">\n<figure class=\"aligncenter\"><img decoding=\"async\" src=\"https:\/\/alfawarehouses.pl\/wp-content\/uploads\/2025\/05\/schemat-1-300x139-1.png\" alt=\"\" class=\"wp-image-355\" title=\"\"><\/figure>\n<\/div>\n\n\n<p>V\u00e5rt lager i Gdansk uppfyller alla standarder och de h\u00f6gsta tekniska kraven.<\/p>\n\n\n\n<p>Anl\u00e4ggningen best\u00e5r av tre sektioner:<\/p>\n\n\n\n<ol class=\"wp-block-list\">\n<li>Nationellt lager - vi lagrar varor som \u00e4r godk\u00e4nda inom EU.<\/li>\n<\/ol>\n\n\n\n<p>Varorna har sitt ursprung i ett EU-land eller ett land utanf\u00f6r EU och har redan klarerats, vilket ger dem gemenskapsstatus och g\u00f6r att de kan cirkulera i EU-l\u00e4nderna .<\/p>\n\n\n\n<ol class=\"wp-block-list\" start=\"2\">\n<li>Tullager - vi lagrar varor som importeras fr\u00e5n l\u00e4nder utanf\u00f6r EU och som \u00e4nnu inte har f\u00f6rtullats (\u00f6verg\u00e5tt till fri oms\u00e4ttning i EU), varor som lagras i ett tullager kan h\u00e4nf\u00f6ras till f\u00f6rfarandet f\u00f6r frig\u00f6rande, men ocks\u00e5 till transiteringsf\u00f6rfarandet. Om varorna inte uppfyller kraven f\u00f6r \u00f6verg\u00e5ng till fri oms\u00e4ttning i EU kan ett korrigerande f\u00f6rfarande genomf\u00f6ras. S\u00e5dana f\u00f6rfaranden, som erbjuds av Alfa Warhouses, inneb\u00e4r i allm\u00e4nhet att utrustningens namnskyltar \u00e4ndras, att instruktioner l\u00e4ggs till eller byts ut.<br>N\u00e4r UC beslutar om en s\u00e5dan \u00e5tg\u00e4rd erbjuder vi dessutom v\u00e5ra kunder en tj\u00e4nst f\u00f6r omh\u00e4ndertagande av varor.<\/li>\n\n\n\n<li>Lager f\u00f6r tillf\u00e4llig lagring (MCS) - vi lagrar oklassificerade varor (som inte \u00e4r godk\u00e4nda f\u00f6r cirkulation inom EU) i detta lager, men lagringsperioden f\u00e5r inte \u00f6verstiga 90 dagar fr\u00e5n lossning. Efter denna tid m\u00e5ste kunden f\u00e5 varorna f\u00f6rtullade eller \u00f6verf\u00f6rda till ett tullager.<\/li>\n<\/ol>\n\n\n\n<p>Efter 90 dagars lagring i ett tillf\u00e4lligt lager m\u00e5ste en tullgodk\u00e4nd behandling eller anv\u00e4ndning beviljas. En av dessa kan vara att h\u00e4nf\u00f6ra varorna till f\u00f6rfarandet f\u00f6r \u00f6verg\u00e5ng till fri oms\u00e4ttning, en annan kan vara att h\u00e4nf\u00f6ra varorna till transiterings- eller tullagerf\u00f6rfarandet och en tredje kan vara att befordra varorna under transiteringsf\u00f6rfarandet.<\/p>\n\n\n\n<p>Inga \u00e5tg\u00e4rder som \u00e4ndrar formen p\u00e5 de varor som transporteras (reparationer, ompaketering) f\u00e5r utf\u00f6ras p\u00e5 MCS utan tullens godk\u00e4nnande.<\/p>","protected":false},"excerpt":{"rendered":"<p>Magazynowanie towar\u00f3w to jeden z istotniejszych element\u00f3w koszt\u00f3w ka\u017cdej firmy. Decyduj\u0105c si\u0119 na korzystanie z us\u0142ug magazynowych zewn\u0119trznego dostawcy, musisz mie\u0107 pewno\u015b\u0107, \u017ce wybra\u0142e\u015b odpowiedni\u0105 firm\u0119. Magazynowanie rozumiemy jako proces lub zesp\u00f3\u0142 czynno\u015bci obejmuj\u0105cych zarz\u0105dzanie towarami gotowymi oraz surowcami do produkcji lub p\u00f3\u0142 produktami od momentu ich przyj\u0119cia, a\u017c do czasu wydania \u0142adunk\u00f3w do dalszego&#8230;<\/p>","protected":false},"author":2,"featured_media":1589,"comment_status":"open","ping_status":"open","sticky":false,"template":"","format":"standard","meta":{"_eb_attr":"","_kad_blocks_custom_css":"","_kad_blocks_head_custom_js":"","_kad_blocks_body_custom_js":"","_kad_blocks_footer_custom_js":"","_kad_post_transparent":"default","_kad_post_title":"default","_kad_post_layout":"default","_kad_post_sidebar_id":"","_kad_post_content_style":"default","_kad_post_vertical_padding":"default","_kad_post_feature":"","_kad_post_feature_position":"","_kad_post_header":false,"_kad_post_footer":false,"_kad_post_classname":"","footnotes":""},"categories":[1],"tags":[17],"class_list":["post-1586","post","type-post","status-publish","format-standard","has-post-thumbnail","hentry","category-twoj-magazyn-wiedzy","tag-magazyn-krajowy"],"taxonomy_info":{"category":[{"value":1,"label":"Tw\u00f3j magazyn wiedzy"}],"post_tag":[{"value":17,"label":"magazyn krajowy"}]},"featured_image_src_large":["https:\/\/alfawarehouses.pl\/wp-content\/uploads\/2025\/05\/Alfa-Global-Logistic-9-1024x683.jpg",1024,683,true],"author_info":{"display_name":"aneta","author_link":"https:\/\/alfawarehouses.pl\/sv\/author\/aneta\/"},"comment_info":0,"category_info":[{"term_id":1,"name":"Tw\u00f3j magazyn wiedzy","slug":"twoj-magazyn-wiedzy","term_group":0,"term_taxonomy_id":1,"taxonomy":"category","description":"","parent":0,"count":25,"filter":"raw","cat_ID":1,"category_count":25,"category_description":"","cat_name":"Tw\u00f3j magazyn wiedzy","category_nicename":"twoj-magazyn-wiedzy","category_parent":0}],"tag_info":[{"term_id":17,"name":"magazyn krajowy","slug":"magazyn-krajowy","term_group":0,"term_taxonomy_id":17,"taxonomy":"post_tag","description":"","parent":0,"count":1,"filter":"raw"}],"_links":{"self":[{"href":"https:\/\/alfawarehouses.pl\/sv\/wp-json\/wp\/v2\/posts\/1586","targetHints":{"allow":["GET"]}}],"collection":[{"href":"https:\/\/alfawarehouses.pl\/sv\/wp-json\/wp\/v2\/posts"}],"about":[{"href":"https:\/\/alfawarehouses.pl\/sv\/wp-json\/wp\/v2\/types\/post"}],"author":[{"embeddable":true,"href":"https:\/\/alfawarehouses.pl\/sv\/wp-json\/wp\/v2\/users\/2"}],"replies":[{"embeddable":true,"href":"https:\/\/alfawarehouses.pl\/sv\/wp-json\/wp\/v2\/comments?post=1586"}],"version-history":[{"count":0,"href":"https:\/\/alfawarehouses.pl\/sv\/wp-json\/wp\/v2\/posts\/1586\/revisions"}],"wp:featuredmedia":[{"embeddable":true,"href":"https:\/\/alfawarehouses.pl\/sv\/wp-json\/wp\/v2\/media\/1589"}],"wp:attachment":[{"href":"https:\/\/alfawarehouses.pl\/sv\/wp-json\/wp\/v2\/media?parent=1586"}],"wp:term":[{"taxonomy":"category","embeddable":true,"href":"https:\/\/alfawarehouses.pl\/sv\/wp-json\/wp\/v2\/categories?post=1586"},{"taxonomy":"post_tag","embeddable":true,"href":"https:\/\/alfawarehouses.pl\/sv\/wp-json\/wp\/v2\/tags?post=1586"}],"curies":[{"name":"wp","href":"https:\/\/api.w.org\/{rel}","templated":true}]}}